{"id":61,"date":"2023-11-17T03:06:55","date_gmt":"2023-11-17T03:06:55","guid":{"rendered":"https:\/\/evccqqfar.usac.edu.gt\/blogev\/?p=61"},"modified":"2023-11-17T03:18:04","modified_gmt":"2023-11-17T03:18:04","slug":"preasignacion-de-cursos-de-escuela-de-vacaciones-de-diciembre-de-2023","status":"publish","type":"post","link":"https:\/\/evccqqfar.usac.edu.gt\/blogev\/?p=61","title":{"rendered":"Preasignaci\u00f3n de cursos de Escuela de Vacaciones de diciembre de 2023"},"content":{"rendered":"\n<p>La preasignaci\u00f3n de cursos de Escuela de Vacaciones de diciembre de 2023 ser\u00e1 del <strong>viernes 17 <\/strong>al<strong> martes 21 de noviembre de 2023<\/strong>.<\/p>\n\n\n\n<p><a href=\"https:\/\/evccqqfar.usac.edu.gt\/blogev\/wp-content\/uploads\/2023\/11\/Listado-Posibles-cursos-a-impartir-EV-Dic.2023.pdf\" target=\"_blank\" rel=\"noreferrer noopener\">Listado de preasginaci\u00f3n de cursos de Escuela de Vacaciones de 2023<\/a><\/p>\n\n\n\n<p><\/p>\n","protected":false},"excerpt":{"rendered":"<p>La preasignaci\u00f3n de cursos de Escuela de Vacaciones de diciembre de 2023 ser\u00e1 del viernes 17 al martes 21 de noviembre de 2023. Listado de preasginaci\u00f3n de cursos de Escuela de Vacaciones de 2023<\/p>\n","protected":false},"author":1,"featured_media":0,"comment_status":"open","ping_status":"open","sticky":false,"template":"","format":"standard","meta":{"footnotes":""},"categories":[1],"tags":[15,8,14,10,11,13,12,9],"class_list":["post-61","post","type-post","status-publish","format-standard","hentry","category-uncategorized","tag-ccqqfar","tag-escuela","tag-escuela-vacaciones","tag-facultad","tag-farmacia","tag-preasignacion-cursos","tag-usac","tag-vacaciones"],"_links":{"self":[{"href":"https:\/\/evccqqfar.usac.edu.gt\/blogev\/index.php?rest_route=\/wp\/v2\/posts\/61","targetHints":{"allow":["GET"]}}],"collection":[{"href":"https:\/\/evccqqfar.usac.edu.gt\/blogev\/index.php?rest_route=\/wp\/v2\/posts"}],"about":[{"href":"https:\/\/evccqqfar.usac.edu.gt\/blogev\/index.php?rest_route=\/wp\/v2\/types\/post"}],"author":[{"embeddable":true,"href":"https:\/\/evccqqfar.usac.edu.gt\/blogev\/index.php?rest_route=\/wp\/v2\/users\/1"}],"replies":[{"embeddable":true,"href":"https:\/\/evccqqfar.usac.edu.gt\/blogev\/index.php?rest_route=%2Fwp%2Fv2%2Fcomments&post=61"}],"version-history":[{"count":4,"href":"https:\/\/evccqqfar.usac.edu.gt\/blogev\/index.php?rest_route=\/wp\/v2\/posts\/61\/revisions"}],"predecessor-version":[{"id":68,"href":"https:\/\/evccqqfar.usac.edu.gt\/blogev\/index.php?rest_route=\/wp\/v2\/posts\/61\/revisions\/68"}],"wp:attachment":[{"href":"https:\/\/evccqqfar.usac.edu.gt\/blogev\/index.php?rest_route=%2Fwp%2Fv2%2Fmedia&parent=61"}],"wp:term":[{"taxonomy":"category","embeddable":true,"href":"https:\/\/evccqqfar.usac.edu.gt\/blogev\/index.php?rest_route=%2Fwp%2Fv2%2Fcategories&post=61"},{"taxonomy":"post_tag","embeddable":true,"href":"https:\/\/evccqqfar.usac.edu.gt\/blogev\/index.php?rest_route=%2Fwp%2Fv2%2Ftags&post=61"}],"curies":[{"name":"wp","href":"https:\/\/api.w.org\/{rel}","templated":true}]}}